{"id":202,"date":"2020-01-23T17:27:45","date_gmt":"2020-01-23T17:27:45","guid":{"rendered":"http:\/\/idm314.es\/?p=202"},"modified":"2020-01-23T17:27:45","modified_gmt":"2020-01-23T17:27:45","slug":"conferencia-las-matematicas-estan-en-todas-partes","status":"publish","type":"post","link":"https:\/\/2020.idm314.es\/index.php\/2020\/01\/23\/conferencia-las-matematicas-estan-en-todas-partes\/","title":{"rendered":"Conferencia \u00abLas matem\u00e1ticas est\u00e1n en todas partes\u00bb"},"content":{"rendered":"\n<p>Descripcion:<br>\nConferencia \u00abLas matem\u00e1ticas est\u00e1n en todas partes\u00bb, por Jos\u00e9 Mar\u00eda \nSorando, el 20 de marzo de 2020, en el Aula Magna de la Facultad de \nCiencias de la Universidad de Zaragoza.<\/p>\n\n\n\n<p>Esta es una sesi\u00f3n especial del \u00abTaller de Talento Matem\u00e1tico\u00bb, \nactividad para estudiantes desde 3\u00ba de ESO hasta Bachillerato, que se \nrealiza en Zaragoza.<\/p>\n\n\n\n<p>Organizadores:<br>\nAsociaci\u00f3n Taller de Talento Matem\u00e1tico de Arag\u00f3n<\/p>\n\n\n\n<p>Lugar:<br>\nZaragoza<\/p>\n\n\n\n<p>Plazas y Reserva:<br>\nHasta completar el aforo del Aula Magna de la Facultad de Ciencias de Zaragoza<\/p>\n\n\n\n<p>Pattrocinadores:<br>\nAsociaci\u00f3n Taller de Talento Matem\u00e1tico de Arag\u00f3n<\/p>\n\n\n\n<p>Informaci\u00f3n Adicional:<br>\nLa informaci\u00f3n sobre el Taller puede encontrarse en la web <a href=\"https:\/\/ttm.unizar.es\" target=\"_blank\" rel=\"noreferrer noopener\">https:\/\/ttm.unizar.es<\/a><\/p>\n","protected":false},"excerpt":{"rendered":"<p>Descripcion: Conferencia \u00abLas matem\u00e1ticas est\u00e1n en todas partes\u00bb, por Jos\u00e9 Mar\u00eda Sorando, el 20 de marzo de 2020, en el Aula Magna de la Facultad de Ciencias de la Universidad de Zaragoza. Esta es una sesi\u00f3n especial del \u00abTaller de Talento Matem\u00e1tico\u00bb, actividad para estudiantes desde 3\u00ba de ESO hasta Bachillerato, que se realiza en&hellip;&nbsp;<a href=\"https:\/\/2020.idm314.es\/index.php\/2020\/01\/23\/conferencia-las-matematicas-estan-en-todas-partes\/\" class=\"\" rel=\"bookmark\">Leer m\u00e1s &raquo;<span class=\"screen-reader-text\">Conferencia \u00abLas matem\u00e1ticas est\u00e1n en todas partes\u00bb<\/span><\/a><\/p>\n","protected":false},"author":2,"featured_media":0,"comment_status":"closed","ping_status":"open","sticky":false,"template":"","format":"standard","meta":{"neve_meta_sidebar":"","neve_meta_container":"","neve_meta_enable_content_width":"","neve_meta_content_width":0,"neve_meta_title_alignment":"","neve_meta_author_avatar":"","neve_post_elements_order":"","neve_meta_disable_header":"","neve_meta_disable_footer":"","neve_meta_disable_title":""},"categories":[2],"tags":[],"_links":{"self":[{"href":"https:\/\/2020.idm314.es\/index.php\/wp-json\/wp\/v2\/posts\/202"}],"collection":[{"href":"https:\/\/2020.idm314.es\/index.php\/wp-json\/wp\/v2\/posts"}],"about":[{"href":"https:\/\/2020.idm314.es\/index.php\/wp-json\/wp\/v2\/types\/post"}],"author":[{"embeddable":true,"href":"https:\/\/2020.idm314.es\/index.php\/wp-json\/wp\/v2\/users\/2"}],"replies":[{"embeddable":true,"href":"https:\/\/2020.idm314.es\/index.php\/wp-json\/wp\/v2\/comments?post=202"}],"version-history":[{"count":0,"href":"https:\/\/2020.idm314.es\/index.php\/wp-json\/wp\/v2\/posts\/202\/revisions"}],"wp:attachment":[{"href":"https:\/\/2020.idm314.es\/index.php\/wp-json\/wp\/v2\/media?parent=202"}],"wp:term":[{"taxonomy":"category","embeddable":true,"href":"https:\/\/2020.idm314.es\/index.php\/wp-json\/wp\/v2\/categories?post=202"},{"taxonomy":"post_tag","embeddable":true,"href":"https:\/\/2020.idm314.es\/index.php\/wp-json\/wp\/v2\/tags?post=202"}],"curies":[{"name":"wp","href":"https:\/\/api.w.org\/{rel}","templated":true}]}}